[{"@context":"https:\/\/schema.org\/","@type":"Article","@id":"https:\/\/www.anes.sk\/som-velmi-placha\/#Article","mainEntityOfPage":"https:\/\/www.anes.sk\/som-velmi-placha\/","headline":"Som velmi plach\u00e1","name":"Som velmi plach\u00e1","description":"Ja m\u00e1m probl\u00e9m sama so sebou&#8230; Moment\u00e1lne fakt prem\u00fd\u0161\u013eam, \u017ee by som vyh\u013eadala nejak\u00fa pomoc, preto\u017ee som st\u00e1le stra\u0161ne unaven\u00e1, nem\u00e1m \u017eiadnu motiv\u00e1ciu, absol\u00fatne ni\u010d ma nebav\u00ed, ku v\u0161etk\u00e9mu sa mus\u00edm presvied\u010da\u0165, ni\u010d mi nerob\u00ed rados\u0165, ke\u010f som s \u013eu\u010fmi tak nehovor\u00edm, nem\u00e1m potrebu ani hovori\u0165, ke\u010f sa ma niekto na nie\u010do sp\u00fdta, sk\u00f4r ma ... <a href=\"https:\/\/www.anes.sk\/som-velmi-placha\/\" class=\"more-link text-uppercase small\"><strong>Read More<\/strong> <i class=\"fa fa-angle-double-right\" aria-hidden=\"true\"><\/i><\/a>","datePublished":"2024-07-02","dateModified":"2024-07-02","author":{"@type":"Person","@id":"https:\/\/www.anes.sk\/author\/#Person","name":"","url":"https:\/\/www.anes.sk\/author\/","identifier":1,"image":{"@type":"ImageObject","@id":"https:\/\/secure.gravatar.com\/avatar\/8ee00db67df6a380981db2e33f97d2fa79637c4880a83f2a0ac4c29b5bb179e1?s=96&d=mm&r=g","url":"https:\/\/secure.gravatar.com\/avatar\/8ee00db67df6a380981db2e33f97d2fa79637c4880a83f2a0ac4c29b5bb179e1?s=96&d=mm&r=g","height":96,"width":96}},"publisher":{"@type":"Organization","name":"anes.sk","logo":{"@type":"ImageObject","@id":"\/logo.png","url":"\/logo.png","width":600,"height":60}},"image":{"@type":"ImageObject","@id":"https:\/\/www.anes.sk\/wp-content\/uploads\/woman-1979272_1280_10_4.jpg","url":"https:\/\/www.anes.sk\/wp-content\/uploads\/woman-1979272_1280_10_4.jpg","height":0,"width":0},"url":"https:\/\/www.anes.sk\/som-velmi-placha\/","about":["\u017dena"],"wordCount":434,"articleBody":"Ja m\u00e1m probl\u00e9m sama so sebou&#8230; Moment\u00e1lne fakt prem\u00fd\u0161\u013eam, \u017ee by som vyh\u013eadala nejak\u00fa pomoc, preto\u017ee som st\u00e1le stra\u0161ne unaven\u00e1, nem\u00e1m \u017eiadnu motiv\u00e1ciu, absol\u00fatne ni\u010d ma nebav\u00ed, ku v\u0161etk\u00e9mu sa mus\u00edm presvied\u010da\u0165, ni\u010d mi nerob\u00ed rados\u0165, ke\u010f som s \u013eu\u010fmi tak nehovor\u00edm, nem\u00e1m potrebu ani hovori\u0165, ke\u010f sa ma niekto na nie\u010do sp\u00fdta, sk\u00f4r ma to e\u0161te dr\u00e1\u017edi, tak sa sk\u00f4r \u013eu\u010fom aj vyh\u00fdbam, som ve\u010dne bez n\u00e1lady a podr\u00e1\u017eden\u00e1, \u013eahko buchnem. Nebavia ma a nenap\u013a\u0148aj\u00fa veci, \u010do ma pred rokmi nap\u013a\u0148ali. Pripad\u00e1m si st\u00e1le tak\u00e1 v hmle, spomalen\u00e1, ve\u010dne v nejak\u00fdch my\u0161lienkach, v\u00fd\u010ditk\u00e1ch. Hlava ide na pln\u00e9 obr\u00e1tky, ale telo tot\u00e1lne rezignuje.\u00a0Neviem v\u0161ak, kam v tomto na\u0161om zapad\u00e1kovo z\u00e1js\u0165, tu si v podstate hnoj\u00e1r odsko\u010d\u00ed robi\u0165 obvodn\u00e9ho lek\u00e1ra, \u010di mi rozumiete, jednoducho aj ke\u010f tu je p\u00e1r doktorov, pripadn\u00fa mi oproti in\u00fdm krajom sto rokov za opicami nielen vybaven\u00edm, ale hlavne vzdelan\u00edm.\u00a0Rada by som so sebou nie\u010do urobila ale v\u00f4bec neviem \u010do, ako za\u010da\u0165, kde za\u010da\u0165, ned\u00e1 sa takto u\u017e \u017ei\u0165, za\u010d\u00ednam ma\u0165 probl\u00e9my \u017ei\u0165 sama so sebou. Nieto s niek\u00fdm in\u00fdm. Zo v\u0161etk\u00fdch vz\u0165ahov som utiekla, v\u0161ade som videla probl\u00e9m, ale teraz u\u017e m\u00e1m pocit, \u017ee ten probl\u00e9m som len a iba ja.Hrozne ma to mrz\u00ed, preto\u017ee by som si priala kone\u010dne niekoho stretn\u00fa\u0165, s k\u00fdm by som videla bud\u00facnos\u0165 a zalo\u017eila bud\u00facnos\u0165. No \u00e1no, len\u017ee s tou mojou plachos\u0165ou to asi p\u00f4jde asi len \u0165a\u017eko. No a e\u0161te tie n\u00e1lady a v\u0161etko okolo toho. Je to naozaj stra\u0161ne n\u00e1ro\u010dn\u00e9 a v\u00e4\u010d\u0161ina \u013eud\u00ed si to ani nevie predstavi\u0165, ako sa vlastne c\u00edtim a pre\u017e\u00edvam. Mo\u017eno som plach\u00e1 aj preto, \u017ee s mu\u017emi nem\u00e1m pr\u00e1ve najlep\u0161ie sk\u00fasenosti. Naozaj neviem. Sna\u017e\u00edm sa tu svoju plachos\u0165 a n\u00e1lady nejako prekona\u0165, ale zatia\u013e mi to v\u00f4bec nejde a ja vlastne ani neviem, \u010do s t\u00fdm. Ako sa t\u00fdch hnusn\u00fdch n\u00e1lad zbavi\u0165 a ako by\u0165 zase usmievav\u00e1 a norm\u00e1lna holka, ktorou som bola predt\u00fdm. Mus\u00edm pr\u00eds\u0165 na nejak\u00fd n\u00e1pad, aby som sa zase c\u00edtila dobre a v pokoji.                                                                                                                                                                                                                                                                                                                                                                                        3.9\/5 - (8 votes)        "},{"@context":"https:\/\/schema.org\/","@type":"BreadcrumbList","itemListElement":[{"@type":"ListItem","position":1,"name":"Som velmi plach\u00e1","item":"https:\/\/www.anes.sk\/som-velmi-placha\/#breadcrumbitem"}]}]